{"id":797,"date":"2019-02-01T00:00:43","date_gmt":"2019-01-31T23:00:43","guid":{"rendered":"http:\/\/producersatwork.com\/en\/?p=797"},"modified":"2019-11-27T16:48:33","modified_gmt":"2019-11-27T15:48:33","slug":"797-2","status":"publish","type":"post","link":"https:\/\/producersatwork.com\/en\/797-2\/","title":{"rendered":"Der gro\u00dfe Rudolph"},"content":{"rendered":"<p>2 Deutsche Fernsehpreise f\u00fcr \u201eDer gro\u00dfe Rudolph\u201c<\/p>\n<p>(lifePR) (M\u00fcnchen, 01.02.19)<\/p>\n<p>Die BR-Koproduktion \u201eDer gro\u00dfe Rudolph\u201c (BR, ARD Degeto, ORF, WDR) hat zwei Deutsche Fernsehpreise erhalten. Lena Urzendowsky gewann am Donnerstag, 31. Januar 2019, den F\u00f6rderpreis f\u00fcr ihre Darstellung einer jungen Verk\u00e4uferin in der Gesellschaftssatire. Eine weitere Auszeichnung geht an Martina M\u00fcller (Kost\u00fcmbild) und Jana Karen (Szenenbild) f\u00fcr die Ausstattung in \u201eDer gro\u00dfe Rudolph\u201c.<\/p>\n<p>Bettina Ricklefs, BR-Programmbereichsleiterin Spiel-Film-Serie: \u201eLena Urzendowsky verdient zurecht den F\u00f6rderpreis der Jury des Deutschen Fernsehpreises f\u00fcr ihre herausragende schauspielerische Leistung in der m\u00e4rchenhaften Gesellschaftssatire \u201aDer gro\u00dfe Rudolph\u2018. Sie verk\u00f6rpert die unauff\u00e4llige und ungeschickte Evi mit gro\u00dfer Leichtigkeit, aber auch mit unglaublicher Intensit\u00e4t. Ebenso verdient geht der Preis in der Kategorie \u2032beste Ausstattung\u2032 f\u00fcr ein authentisches M\u00fcnchen der 80er Jahre in \u201eDer gro\u00dfe Rudolph\u2033 an Martina M\u00fcller und Jana Karen. Meine allerherzlichsten Gl\u00fcckw\u00fcnsche an die Preistr\u00e4ger!\u201c<\/p>\n","protected":false},"excerpt":{"rendered":"<p>2 Deutsche Fernsehpreise f\u00fcr \u201eDer gro\u00dfe Rudolph\u201c (lifePR) (M\u00fcnchen, 01.02.19) Die BR-Koproduktion \u201eDer gro\u00dfe Rudolph\u201c (BR, ARD Degeto, ORF, WDR) hat zwei Deutsche Fernsehpreise erhalten. Lena Urzendowsky gewann am Donnerstag, 31. Januar 2019, den F\u00f6rderpreis f\u00fcr ihre Darstellung einer jungen Verk\u00e4uferin in der Gesellschaftssatire. Eine weitere Auszeichnung geht an Martina M\u00fcller (Kost\u00fcmbild) und Jana Karen &hellip; <\/p>\n<p class=\"link-more\"><a href=\"https:\/\/producersatwork.com\/en\/797-2\/\" class=\"more-link\">Continue reading<span class=\"screen-reader-text\"> &#8220;Der gro\u00dfe Rudolph&#8221;<\/span><\/a><\/p>\n","protected":false},"author":10,"featured_media":0,"comment_status":"closed","ping_status":"closed","sticky":false,"template":"","format":"standard","meta":{"footnotes":""},"categories":[1],"tags":[],"class_list":["post-797","post","type-post","status-publish","format-standard","hentry","category-news"],"yoast_head":"<!-- This site is optimized with the Yoast SEO plugin v27.1.1 - https:\/\/yoast.com\/product\/yoast-seo-wordpress\/ -->\n<title>Der gro\u00dfe Rudolph - Producers at Work EN<\/title>\n<meta name=\"robots\" content=\"index, follow, max-snippet:-1, max-image-preview:large, max-video-preview:-1\" \/>\n<link rel=\"canonical\" href=\"https:\/\/producersatwork.com\/en\/797-2\/\" \/>\n<meta property=\"og:locale\" content=\"en_US\" \/>\n<meta property=\"og:type\" content=\"article\" \/>\n<meta property=\"og:title\" content=\"Der gro\u00dfe Rudolph - Producers at Work EN\" \/>\n<meta property=\"og:description\" content=\"2 Deutsche Fernsehpreise f\u00fcr \u201eDer gro\u00dfe Rudolph\u201c (lifePR) (M\u00fcnchen, 01.02.19) Die BR-Koproduktion \u201eDer gro\u00dfe Rudolph\u201c (BR, ARD Degeto, ORF, WDR) hat zwei Deutsche Fernsehpreise erhalten. Lena Urzendowsky gewann am Donnerstag, 31. Januar 2019, den F\u00f6rderpreis f\u00fcr ihre Darstellung einer jungen Verk\u00e4uferin in der Gesellschaftssatire. Eine weitere Auszeichnung geht an Martina M\u00fcller (Kost\u00fcmbild) und Jana Karen &hellip; Continue reading &quot;Der gro\u00dfe Rudolph&quot;\" \/>\n<meta property=\"og:url\" content=\"https:\/\/producersatwork.com\/en\/797-2\/\" \/>\n<meta property=\"og:site_name\" content=\"Producers at Work EN\" \/>\n<meta property=\"article:published_time\" content=\"2019-01-31T23:00:43+00:00\" \/>\n<meta property=\"article:modified_time\" content=\"2019-11-27T15:48:33+00:00\" \/>\n<meta name=\"author\" content=\"paw1\" \/>\n<meta name=\"twitter:card\" content=\"summary_large_image\" \/>\n<meta name=\"twitter:label1\" content=\"Written by\" \/>\n\t<meta name=\"twitter:data1\" content=\"paw1\" \/>\n\t<meta name=\"twitter:label2\" content=\"Est. reading time\" \/>\n\t<meta name=\"twitter:data2\" content=\"1 minute\" \/>\n<script type=\"application\/ld+json\" class=\"yoast-schema-graph\">{\"@context\":\"https:\/\/schema.org\",\"@graph\":[{\"@type\":\"Article\",\"@id\":\"https:\/\/producersatwork.com\/en\/797-2\/#article\",\"isPartOf\":{\"@id\":\"https:\/\/producersatwork.com\/en\/797-2\/\"},\"author\":{\"name\":\"paw1\",\"@id\":\"https:\/\/producersatwork.com\/en\/#\/schema\/person\/6e1370608b6c21edaf74f94b1bee0f9b\"},\"headline\":\"Der gro\u00dfe Rudolph\",\"datePublished\":\"2019-01-31T23:00:43+00:00\",\"dateModified\":\"2019-11-27T15:48:33+00:00\",\"mainEntityOfPage\":{\"@id\":\"https:\/\/producersatwork.com\/en\/797-2\/\"},\"wordCount\":164,\"articleSection\":[\"News\"],\"inLanguage\":\"en-US\"},{\"@type\":\"WebPage\",\"@id\":\"https:\/\/producersatwork.com\/en\/797-2\/\",\"url\":\"https:\/\/producersatwork.com\/en\/797-2\/\",\"name\":\"Der gro\u00dfe Rudolph - Producers at Work EN\",\"isPartOf\":{\"@id\":\"https:\/\/producersatwork.com\/en\/#website\"},\"datePublished\":\"2019-01-31T23:00:43+00:00\",\"dateModified\":\"2019-11-27T15:48:33+00:00\",\"author\":{\"@id\":\"https:\/\/producersatwork.com\/en\/#\/schema\/person\/6e1370608b6c21edaf74f94b1bee0f9b\"},\"breadcrumb\":{\"@id\":\"https:\/\/producersatwork.com\/en\/797-2\/#breadcrumb\"},\"inLanguage\":\"en-US\",\"potentialAction\":[{\"@type\":\"ReadAction\",\"target\":[\"https:\/\/producersatwork.com\/en\/797-2\/\"]}]},{\"@type\":\"BreadcrumbList\",\"@id\":\"https:\/\/producersatwork.com\/en\/797-2\/#breadcrumb\",\"itemListElement\":[{\"@type\":\"ListItem\",\"position\":1,\"name\":\"Startseite\",\"item\":\"https:\/\/producersatwork.com\/en\/\"},{\"@type\":\"ListItem\",\"position\":2,\"name\":\"Der gro\u00dfe Rudolph\"}]},{\"@type\":\"WebSite\",\"@id\":\"https:\/\/producersatwork.com\/en\/#website\",\"url\":\"https:\/\/producersatwork.com\/en\/\",\"name\":\"Producers at Work EN\",\"description\":\"\",\"potentialAction\":[{\"@type\":\"SearchAction\",\"target\":{\"@type\":\"EntryPoint\",\"urlTemplate\":\"https:\/\/producersatwork.com\/en\/?s={search_term_string}\"},\"query-input\":{\"@type\":\"PropertyValueSpecification\",\"valueRequired\":true,\"valueName\":\"search_term_string\"}}],\"inLanguage\":\"en-US\"},{\"@type\":\"Person\",\"@id\":\"https:\/\/producersatwork.com\/en\/#\/schema\/person\/6e1370608b6c21edaf74f94b1bee0f9b\",\"name\":\"paw1\",\"image\":{\"@type\":\"ImageObject\",\"inLanguage\":\"en-US\",\"@id\":\"https:\/\/producersatwork.com\/en\/#\/schema\/person\/image\/\",\"url\":\"https:\/\/secure.gravatar.com\/avatar\/fd3c0aeac203d015d1d474b7c58b7959ca6b66dd81fb21b6c9b2bf208e771b26?s=96&d=mm&r=g\",\"contentUrl\":\"https:\/\/secure.gravatar.com\/avatar\/fd3c0aeac203d015d1d474b7c58b7959ca6b66dd81fb21b6c9b2bf208e771b26?s=96&d=mm&r=g\",\"caption\":\"paw1\"},\"url\":\"https:\/\/producersatwork.com\/en\/author\/paw1\/\"}]}<\/script>\n<!-- \/ Yoast SEO plugin. -->","yoast_head_json":{"title":"Der gro\u00dfe Rudolph - Producers at Work EN","robots":{"index":"index","follow":"follow","max-snippet":"max-snippet:-1","max-image-preview":"max-image-preview:large","max-video-preview":"max-video-preview:-1"},"canonical":"https:\/\/producersatwork.com\/en\/797-2\/","og_locale":"en_US","og_type":"article","og_title":"Der gro\u00dfe Rudolph - Producers at Work EN","og_description":"2 Deutsche Fernsehpreise f\u00fcr \u201eDer gro\u00dfe Rudolph\u201c (lifePR) (M\u00fcnchen, 01.02.19) Die BR-Koproduktion \u201eDer gro\u00dfe Rudolph\u201c (BR, ARD Degeto, ORF, WDR) hat zwei Deutsche Fernsehpreise erhalten. Lena Urzendowsky gewann am Donnerstag, 31. Januar 2019, den F\u00f6rderpreis f\u00fcr ihre Darstellung einer jungen Verk\u00e4uferin in der Gesellschaftssatire. Eine weitere Auszeichnung geht an Martina M\u00fcller (Kost\u00fcmbild) und Jana Karen &hellip; Continue reading \"Der gro\u00dfe Rudolph\"","og_url":"https:\/\/producersatwork.com\/en\/797-2\/","og_site_name":"Producers at Work EN","article_published_time":"2019-01-31T23:00:43+00:00","article_modified_time":"2019-11-27T15:48:33+00:00","author":"paw1","twitter_card":"summary_large_image","twitter_misc":{"Written by":"paw1","Est. reading time":"1 minute"},"schema":{"@context":"https:\/\/schema.org","@graph":[{"@type":"Article","@id":"https:\/\/producersatwork.com\/en\/797-2\/#article","isPartOf":{"@id":"https:\/\/producersatwork.com\/en\/797-2\/"},"author":{"name":"paw1","@id":"https:\/\/producersatwork.com\/en\/#\/schema\/person\/6e1370608b6c21edaf74f94b1bee0f9b"},"headline":"Der gro\u00dfe Rudolph","datePublished":"2019-01-31T23:00:43+00:00","dateModified":"2019-11-27T15:48:33+00:00","mainEntityOfPage":{"@id":"https:\/\/producersatwork.com\/en\/797-2\/"},"wordCount":164,"articleSection":["News"],"inLanguage":"en-US"},{"@type":"WebPage","@id":"https:\/\/producersatwork.com\/en\/797-2\/","url":"https:\/\/producersatwork.com\/en\/797-2\/","name":"Der gro\u00dfe Rudolph - Producers at Work EN","isPartOf":{"@id":"https:\/\/producersatwork.com\/en\/#website"},"datePublished":"2019-01-31T23:00:43+00:00","dateModified":"2019-11-27T15:48:33+00:00","author":{"@id":"https:\/\/producersatwork.com\/en\/#\/schema\/person\/6e1370608b6c21edaf74f94b1bee0f9b"},"breadcrumb":{"@id":"https:\/\/producersatwork.com\/en\/797-2\/#breadcrumb"},"inLanguage":"en-US","potentialAction":[{"@type":"ReadAction","target":["https:\/\/producersatwork.com\/en\/797-2\/"]}]},{"@type":"BreadcrumbList","@id":"https:\/\/producersatwork.com\/en\/797-2\/#breadcrumb","itemListElement":[{"@type":"ListItem","position":1,"name":"Startseite","item":"https:\/\/producersatwork.com\/en\/"},{"@type":"ListItem","position":2,"name":"Der gro\u00dfe Rudolph"}]},{"@type":"WebSite","@id":"https:\/\/producersatwork.com\/en\/#website","url":"https:\/\/producersatwork.com\/en\/","name":"Producers at Work EN","description":"","potentialAction":[{"@type":"SearchAction","target":{"@type":"EntryPoint","urlTemplate":"https:\/\/producersatwork.com\/en\/?s={search_term_string}"},"query-input":{"@type":"PropertyValueSpecification","valueRequired":true,"valueName":"search_term_string"}}],"inLanguage":"en-US"},{"@type":"Person","@id":"https:\/\/producersatwork.com\/en\/#\/schema\/person\/6e1370608b6c21edaf74f94b1bee0f9b","name":"paw1","image":{"@type":"ImageObject","inLanguage":"en-US","@id":"https:\/\/producersatwork.com\/en\/#\/schema\/person\/image\/","url":"https:\/\/secure.gravatar.com\/avatar\/fd3c0aeac203d015d1d474b7c58b7959ca6b66dd81fb21b6c9b2bf208e771b26?s=96&d=mm&r=g","contentUrl":"https:\/\/secure.gravatar.com\/avatar\/fd3c0aeac203d015d1d474b7c58b7959ca6b66dd81fb21b6c9b2bf208e771b26?s=96&d=mm&r=g","caption":"paw1"},"url":"https:\/\/producersatwork.com\/en\/author\/paw1\/"}]}},"_links":{"self":[{"href":"https:\/\/producersatwork.com\/en\/wp-json\/wp\/v2\/posts\/797","targetHints":{"allow":["GET"]}}],"collection":[{"href":"https:\/\/producersatwork.com\/en\/wp-json\/wp\/v2\/posts"}],"about":[{"href":"https:\/\/producersatwork.com\/en\/wp-json\/wp\/v2\/types\/post"}],"author":[{"embeddable":true,"href":"https:\/\/producersatwork.com\/en\/wp-json\/wp\/v2\/users\/10"}],"replies":[{"embeddable":true,"href":"https:\/\/producersatwork.com\/en\/wp-json\/wp\/v2\/comments?post=797"}],"version-history":[{"count":3,"href":"https:\/\/producersatwork.com\/en\/wp-json\/wp\/v2\/posts\/797\/revisions"}],"predecessor-version":[{"id":800,"href":"https:\/\/producersatwork.com\/en\/wp-json\/wp\/v2\/posts\/797\/revisions\/800"}],"wp:attachment":[{"href":"https:\/\/producersatwork.com\/en\/wp-json\/wp\/v2\/media?parent=797"}],"wp:term":[{"taxonomy":"category","embeddable":true,"href":"https:\/\/producersatwork.com\/en\/wp-json\/wp\/v2\/categories?post=797"},{"taxonomy":"post_tag","embeddable":true,"href":"https:\/\/producersatwork.com\/en\/wp-json\/wp\/v2\/tags?post=797"}],"curies":[{"name":"wp","href":"https:\/\/api.w.org\/{rel}","templated":true}]}}