{"id":774,"date":"2019-07-09T10:48:30","date_gmt":"2019-07-09T08:48:30","guid":{"rendered":"http:\/\/producersatwork.com\/en\/?p=774"},"modified":"2021-06-11T16:27:06","modified_gmt":"2021-06-11T14:27:06","slug":"where-are-we-now-2","status":"publish","type":"post","link":"https:\/\/producersatwork.com\/en\/where-are-we-now-2\/","title":{"rendered":"We are now"},"content":{"rendered":"<p>5. 7. 2019 <strong><br \/>\n<\/strong><\/p>\n<p><strong>Dreh der zweiten Staffel der Young Fiction-Serie &#8220;Wir sind jetzt&#8221;<\/strong><\/p>\n<p>Im Fr\u00fchjahr 2019 zeigte RTL II die erste Staffel von \u201eWir sind jetzt\u201c exklusiv vorab im Premiumbereich von TVNOW und erst danach im Free TV. Nun wird die zweite Staffel der ambitionierten Young Fiction-Serie gedreht. Das Projekt erh\u00e4lt wieder eine New Media-F\u00f6rderung durch das Medienboard Berlin-Brandenburg.<\/p>\n<p>Die von Kritikern hochgelobte erste Staffel von \u201eWir sind jetzt\u201c punktete im Mai 2019 mit bis zu 8,7 % MA bei den jungen TV-Zuschauern (14-29). Bei TVNOW stieg die Eigenproduktion im selben Monat unter die Top 5 der meistgesehenen RTL II-Formate.<\/p>\n<p>Aktuell wird bereits die zweite Staffel der Young Fiction-Serie in Berlin und Umgebung gedreht. Lisa-Marie Koroll spielt die Rolle der Hauptfigur Laura, die in der ersten Staffel schwere Schicksalsschl\u00e4ge verkraften musste. \u201eLaura durchlebte in der ersten Staffel so viele H\u00f6hen und Tiefen des Erwachsenwerdens. Es macht mir gro\u00dfen Spa\u00df, mich nun wieder in die Rolle hineinzuversetzen und ihre Entwicklung miterleben zu d\u00fcrfen.\u201c, erz\u00e4hlt die bekannte Jungschauspielerin. \u201eMit Schauspielern an der Umsetzung einer Geschichte zu arbeiten, ist mir immer eine besondere Freude \u2013 insbesondere mit so talentierten, jungen Schauspielern. Unser Cast von der zweiten Staffel \u201aWir sind jetzt\u2018 hat wieder einmal wunderbares vollbracht und die Zuschauer d\u00fcrfen sich freuen, was Laura und Co. diesmal widerf\u00e4hrt.\u201c, so der preisgekr\u00f6nte Kino-Regisseur Christian Klandt.<\/p>\n<p>Die Serie und das begleitende Digitalkonzept werden erneut vom Medienboard Berlin-Brandenburg gef\u00f6rdert. Die \u201eWir sind jetzt\u201c-Story wurde in der ersten Staffel auf verschiedenen Social-Media-Kan\u00e4len weitererz\u00e4hlt. So erm\u00f6glichte zum Beispiel der formateigene Instagram-Kanal @wirsindjetzt, den Charakteren auch abseits der Episodeninhalte weiter zu folgen und an ihrer Lebenswelt teilzuhaben. Weitere Inhalte zur Serie fanden die Zuschauer zudem auf rtl2.de, Facebook und YouTube.<\/p>\n<p>\u201eWir sind jetzt\u201c wird von Kino-Regisseur Christian Klandt und dem Produzenten Christian Popp, Gesch\u00e4ftsf\u00fchrer Producers at Work, und Head-Autor Burkhardt Wunderlich umgesetzt.<\/p>\n<p>OTS<\/p>\n","protected":false},"excerpt":{"rendered":"<p>5. 7. 2019 Dreh der zweiten Staffel der Young Fiction-Serie &#8220;Wir sind jetzt&#8221; Im Fr\u00fchjahr 2019 zeigte RTL II die erste Staffel von \u201eWir sind jetzt\u201c exklusiv vorab im Premiumbereich von TVNOW und erst danach im Free TV. Nun wird die zweite Staffel der ambitionierten Young Fiction-Serie gedreht. Das Projekt erh\u00e4lt wieder eine New Media-F\u00f6rderung &hellip; <\/p>\n<p class=\"link-more\"><a href=\"https:\/\/producersatwork.com\/en\/where-are-we-now-2\/\" class=\"more-link\">Continue reading<span class=\"screen-reader-text\"> &#8220;We are now&#8221;<\/span><\/a><\/p>\n","protected":false},"author":10,"featured_media":0,"comment_status":"closed","ping_status":"closed","sticky":false,"template":"","format":"standard","meta":{"footnotes":""},"categories":[1],"tags":[],"class_list":["post-774","post","type-post","status-publish","format-standard","hentry","category-news"],"yoast_head":"<!-- This site is optimized with the Yoast SEO plugin v27.1.1 - https:\/\/yoast.com\/product\/yoast-seo-wordpress\/ -->\n<title>We are now - Producers at Work EN<\/title>\n<meta name=\"robots\" content=\"index, follow, max-snippet:-1, max-image-preview:large, max-video-preview:-1\" \/>\n<link rel=\"canonical\" href=\"https:\/\/producersatwork.com\/en\/where-are-we-now-2\/\" \/>\n<meta property=\"og:locale\" content=\"en_US\" \/>\n<meta property=\"og:type\" content=\"article\" \/>\n<meta property=\"og:title\" content=\"We are now - Producers at Work EN\" \/>\n<meta property=\"og:description\" content=\"5. 7. 2019 Dreh der zweiten Staffel der Young Fiction-Serie &#8220;Wir sind jetzt&#8221; Im Fr\u00fchjahr 2019 zeigte RTL II die erste Staffel von \u201eWir sind jetzt\u201c exklusiv vorab im Premiumbereich von TVNOW und erst danach im Free TV. Nun wird die zweite Staffel der ambitionierten Young Fiction-Serie gedreht. Das Projekt erh\u00e4lt wieder eine New Media-F\u00f6rderung &hellip; Continue reading &quot;We are now&quot;\" \/>\n<meta property=\"og:url\" content=\"https:\/\/producersatwork.com\/en\/where-are-we-now-2\/\" \/>\n<meta property=\"og:site_name\" content=\"Producers at Work EN\" \/>\n<meta property=\"article:published_time\" content=\"2019-07-09T08:48:30+00:00\" \/>\n<meta property=\"article:modified_time\" content=\"2021-06-11T14:27:06+00:00\" \/>\n<meta name=\"author\" content=\"paw1\" \/>\n<meta name=\"twitter:card\" content=\"summary_large_image\" \/>\n<meta name=\"twitter:label1\" content=\"Written by\" \/>\n\t<meta name=\"twitter:data1\" content=\"paw1\" \/>\n\t<meta name=\"twitter:label2\" content=\"Est. reading time\" \/>\n\t<meta name=\"twitter:data2\" content=\"2 minutes\" \/>\n<script type=\"application\/ld+json\" class=\"yoast-schema-graph\">{\"@context\":\"https:\/\/schema.org\",\"@graph\":[{\"@type\":\"Article\",\"@id\":\"https:\/\/producersatwork.com\/en\/where-are-we-now-2\/#article\",\"isPartOf\":{\"@id\":\"https:\/\/producersatwork.com\/en\/where-are-we-now-2\/\"},\"author\":{\"name\":\"paw1\",\"@id\":\"https:\/\/producersatwork.com\/en\/#\/schema\/person\/6e1370608b6c21edaf74f94b1bee0f9b\"},\"headline\":\"We are now\",\"datePublished\":\"2019-07-09T08:48:30+00:00\",\"dateModified\":\"2021-06-11T14:27:06+00:00\",\"mainEntityOfPage\":{\"@id\":\"https:\/\/producersatwork.com\/en\/where-are-we-now-2\/\"},\"wordCount\":316,\"articleSection\":[\"News\"],\"inLanguage\":\"en-US\"},{\"@type\":\"WebPage\",\"@id\":\"https:\/\/producersatwork.com\/en\/where-are-we-now-2\/\",\"url\":\"https:\/\/producersatwork.com\/en\/where-are-we-now-2\/\",\"name\":\"We are now - Producers at Work EN\",\"isPartOf\":{\"@id\":\"https:\/\/producersatwork.com\/en\/#website\"},\"datePublished\":\"2019-07-09T08:48:30+00:00\",\"dateModified\":\"2021-06-11T14:27:06+00:00\",\"author\":{\"@id\":\"https:\/\/producersatwork.com\/en\/#\/schema\/person\/6e1370608b6c21edaf74f94b1bee0f9b\"},\"breadcrumb\":{\"@id\":\"https:\/\/producersatwork.com\/en\/where-are-we-now-2\/#breadcrumb\"},\"inLanguage\":\"en-US\",\"potentialAction\":[{\"@type\":\"ReadAction\",\"target\":[\"https:\/\/producersatwork.com\/en\/where-are-we-now-2\/\"]}]},{\"@type\":\"BreadcrumbList\",\"@id\":\"https:\/\/producersatwork.com\/en\/where-are-we-now-2\/#breadcrumb\",\"itemListElement\":[{\"@type\":\"ListItem\",\"position\":1,\"name\":\"Startseite\",\"item\":\"https:\/\/producersatwork.com\/en\/\"},{\"@type\":\"ListItem\",\"position\":2,\"name\":\"We are now\"}]},{\"@type\":\"WebSite\",\"@id\":\"https:\/\/producersatwork.com\/en\/#website\",\"url\":\"https:\/\/producersatwork.com\/en\/\",\"name\":\"Producers at Work EN\",\"description\":\"\",\"potentialAction\":[{\"@type\":\"SearchAction\",\"target\":{\"@type\":\"EntryPoint\",\"urlTemplate\":\"https:\/\/producersatwork.com\/en\/?s={search_term_string}\"},\"query-input\":{\"@type\":\"PropertyValueSpecification\",\"valueRequired\":true,\"valueName\":\"search_term_string\"}}],\"inLanguage\":\"en-US\"},{\"@type\":\"Person\",\"@id\":\"https:\/\/producersatwork.com\/en\/#\/schema\/person\/6e1370608b6c21edaf74f94b1bee0f9b\",\"name\":\"paw1\",\"image\":{\"@type\":\"ImageObject\",\"inLanguage\":\"en-US\",\"@id\":\"https:\/\/producersatwork.com\/en\/#\/schema\/person\/image\/\",\"url\":\"https:\/\/secure.gravatar.com\/avatar\/fd3c0aeac203d015d1d474b7c58b7959ca6b66dd81fb21b6c9b2bf208e771b26?s=96&d=mm&r=g\",\"contentUrl\":\"https:\/\/secure.gravatar.com\/avatar\/fd3c0aeac203d015d1d474b7c58b7959ca6b66dd81fb21b6c9b2bf208e771b26?s=96&d=mm&r=g\",\"caption\":\"paw1\"},\"url\":\"https:\/\/producersatwork.com\/en\/author\/paw1\/\"}]}<\/script>\n<!-- \/ Yoast SEO plugin. -->","yoast_head_json":{"title":"We are now - Producers at Work EN","robots":{"index":"index","follow":"follow","max-snippet":"max-snippet:-1","max-image-preview":"max-image-preview:large","max-video-preview":"max-video-preview:-1"},"canonical":"https:\/\/producersatwork.com\/en\/where-are-we-now-2\/","og_locale":"en_US","og_type":"article","og_title":"We are now - Producers at Work EN","og_description":"5. 7. 2019 Dreh der zweiten Staffel der Young Fiction-Serie &#8220;Wir sind jetzt&#8221; Im Fr\u00fchjahr 2019 zeigte RTL II die erste Staffel von \u201eWir sind jetzt\u201c exklusiv vorab im Premiumbereich von TVNOW und erst danach im Free TV. Nun wird die zweite Staffel der ambitionierten Young Fiction-Serie gedreht. Das Projekt erh\u00e4lt wieder eine New Media-F\u00f6rderung &hellip; Continue reading \"We are now\"","og_url":"https:\/\/producersatwork.com\/en\/where-are-we-now-2\/","og_site_name":"Producers at Work EN","article_published_time":"2019-07-09T08:48:30+00:00","article_modified_time":"2021-06-11T14:27:06+00:00","author":"paw1","twitter_card":"summary_large_image","twitter_misc":{"Written by":"paw1","Est. reading time":"2 minutes"},"schema":{"@context":"https:\/\/schema.org","@graph":[{"@type":"Article","@id":"https:\/\/producersatwork.com\/en\/where-are-we-now-2\/#article","isPartOf":{"@id":"https:\/\/producersatwork.com\/en\/where-are-we-now-2\/"},"author":{"name":"paw1","@id":"https:\/\/producersatwork.com\/en\/#\/schema\/person\/6e1370608b6c21edaf74f94b1bee0f9b"},"headline":"We are now","datePublished":"2019-07-09T08:48:30+00:00","dateModified":"2021-06-11T14:27:06+00:00","mainEntityOfPage":{"@id":"https:\/\/producersatwork.com\/en\/where-are-we-now-2\/"},"wordCount":316,"articleSection":["News"],"inLanguage":"en-US"},{"@type":"WebPage","@id":"https:\/\/producersatwork.com\/en\/where-are-we-now-2\/","url":"https:\/\/producersatwork.com\/en\/where-are-we-now-2\/","name":"We are now - Producers at Work EN","isPartOf":{"@id":"https:\/\/producersatwork.com\/en\/#website"},"datePublished":"2019-07-09T08:48:30+00:00","dateModified":"2021-06-11T14:27:06+00:00","author":{"@id":"https:\/\/producersatwork.com\/en\/#\/schema\/person\/6e1370608b6c21edaf74f94b1bee0f9b"},"breadcrumb":{"@id":"https:\/\/producersatwork.com\/en\/where-are-we-now-2\/#breadcrumb"},"inLanguage":"en-US","potentialAction":[{"@type":"ReadAction","target":["https:\/\/producersatwork.com\/en\/where-are-we-now-2\/"]}]},{"@type":"BreadcrumbList","@id":"https:\/\/producersatwork.com\/en\/where-are-we-now-2\/#breadcrumb","itemListElement":[{"@type":"ListItem","position":1,"name":"Startseite","item":"https:\/\/producersatwork.com\/en\/"},{"@type":"ListItem","position":2,"name":"We are now"}]},{"@type":"WebSite","@id":"https:\/\/producersatwork.com\/en\/#website","url":"https:\/\/producersatwork.com\/en\/","name":"Producers at Work EN","description":"","potentialAction":[{"@type":"SearchAction","target":{"@type":"EntryPoint","urlTemplate":"https:\/\/producersatwork.com\/en\/?s={search_term_string}"},"query-input":{"@type":"PropertyValueSpecification","valueRequired":true,"valueName":"search_term_string"}}],"inLanguage":"en-US"},{"@type":"Person","@id":"https:\/\/producersatwork.com\/en\/#\/schema\/person\/6e1370608b6c21edaf74f94b1bee0f9b","name":"paw1","image":{"@type":"ImageObject","inLanguage":"en-US","@id":"https:\/\/producersatwork.com\/en\/#\/schema\/person\/image\/","url":"https:\/\/secure.gravatar.com\/avatar\/fd3c0aeac203d015d1d474b7c58b7959ca6b66dd81fb21b6c9b2bf208e771b26?s=96&d=mm&r=g","contentUrl":"https:\/\/secure.gravatar.com\/avatar\/fd3c0aeac203d015d1d474b7c58b7959ca6b66dd81fb21b6c9b2bf208e771b26?s=96&d=mm&r=g","caption":"paw1"},"url":"https:\/\/producersatwork.com\/en\/author\/paw1\/"}]}},"_links":{"self":[{"href":"https:\/\/producersatwork.com\/en\/wp-json\/wp\/v2\/posts\/774","targetHints":{"allow":["GET"]}}],"collection":[{"href":"https:\/\/producersatwork.com\/en\/wp-json\/wp\/v2\/posts"}],"about":[{"href":"https:\/\/producersatwork.com\/en\/wp-json\/wp\/v2\/types\/post"}],"author":[{"embeddable":true,"href":"https:\/\/producersatwork.com\/en\/wp-json\/wp\/v2\/users\/10"}],"replies":[{"embeddable":true,"href":"https:\/\/producersatwork.com\/en\/wp-json\/wp\/v2\/comments?post=774"}],"version-history":[{"count":2,"href":"https:\/\/producersatwork.com\/en\/wp-json\/wp\/v2\/posts\/774\/revisions"}],"predecessor-version":[{"id":1038,"href":"https:\/\/producersatwork.com\/en\/wp-json\/wp\/v2\/posts\/774\/revisions\/1038"}],"wp:attachment":[{"href":"https:\/\/producersatwork.com\/en\/wp-json\/wp\/v2\/media?parent=774"}],"wp:term":[{"taxonomy":"category","embeddable":true,"href":"https:\/\/producersatwork.com\/en\/wp-json\/wp\/v2\/categories?post=774"},{"taxonomy":"post_tag","embeddable":true,"href":"https:\/\/producersatwork.com\/en\/wp-json\/wp\/v2\/tags?post=774"}],"curies":[{"name":"wp","href":"https:\/\/api.w.org\/{rel}","templated":true}]}}