{"id":702,"date":"2018-07-15T09:28:19","date_gmt":"2018-07-15T07:28:19","guid":{"rendered":"http:\/\/producersatwork.com\/en\/?p=702"},"modified":"2019-11-27T17:44:29","modified_gmt":"2019-11-27T16:44:29","slug":"janina-uhse-eugen-balder-in-unsere-jungs","status":"publish","type":"post","link":"https:\/\/producersatwork.com\/en\/janina-uhse-eugen-balder-in-unsere-jungs\/","title":{"rendered":"Unsere Jungs"},"content":{"rendered":"<p>13.7.2018<\/p>\n<p>Am 10. Juli 2018 haben die Dreharbeiten\u00a0 zum Sat.1 Movie &#8220;Unsere Jungs&#8221; mit Janina Uhse und Eugen Balder in den Hauptrollen begonnen. Regie f\u00fchrt Florian G\u00e4rtner.<\/p>\n<p>Jonas (Eugen Bauder) hat sich im Leben noch nicht gefunden: Seine Modelkarriere in den USA ist gescheitert, einen neuen festen Job hat er nicht, von der Mutter seines Kindes ist er getrennt und um seinen Sohn hat er sich bislang auch nicht gek\u00fcmmert. Bei einem Aushilfsjob auf einer Baustelle entdeckt der gutgebaute Mann allerdings sein wahres Talent: Die Damen aus dem B\u00fcrokomplex sind bereit, ihm jede Menge Geld daf\u00fcr zu zahlen, dass Jonas seine H\u00fcllen fallen l\u00e4sst &#8230; Schnell ist die Idee geboren, mit seinen Kollegen vom Bau eine Striptruppe zu gr\u00fcnden. Doch damit fangen die Probleme erst an: Wie soll man(n) eine Beziehung zu seinem kleinen Sohn Tim (Maximilian Sprengler) aufbauen und auf ihn aufpassen, wenn er regelm\u00e4\u00dfig zu n\u00e4chtlichen Eins\u00e4tzen gerufen wird? Und was sagt Tims Fu\u00dfballcoach Katja (Janina Uhse) zu Jonas&#8217; Job? F\u00fcr die quirlige Trainerin empfindet Jonas n\u00e4mlich mehr, als er zun\u00e4chst zugeben will &#8230;<\/p>\n<p><em>presseportal.de<\/em><\/p>\n","protected":false},"excerpt":{"rendered":"<p>13.7.2018 Am 10. Juli 2018 haben die Dreharbeiten\u00a0 zum Sat.1 Movie &#8220;Unsere Jungs&#8221; mit Janina Uhse und Eugen Balder in den Hauptrollen begonnen. Regie f\u00fchrt Florian G\u00e4rtner. Jonas (Eugen Bauder) hat sich im Leben noch nicht gefunden: Seine Modelkarriere in den USA ist gescheitert, einen neuen festen Job hat er nicht, von der Mutter seines &hellip; <\/p>\n<p class=\"link-more\"><a href=\"https:\/\/producersatwork.com\/en\/janina-uhse-eugen-balder-in-unsere-jungs\/\" class=\"more-link\">Continue reading<span class=\"screen-reader-text\"> &#8220;Unsere Jungs&#8221;<\/span><\/a><\/p>\n","protected":false},"author":10,"featured_media":0,"comment_status":"closed","ping_status":"closed","sticky":false,"template":"","format":"standard","meta":{"footnotes":""},"categories":[1],"tags":[],"class_list":["post-702","post","type-post","status-publish","format-standard","hentry","category-news"],"yoast_head":"<!-- This site is optimized with the Yoast SEO plugin v27.1.1 - https:\/\/yoast.com\/product\/yoast-seo-wordpress\/ -->\n<title>Unsere Jungs - Producers at Work EN<\/title>\n<meta name=\"robots\" content=\"index, follow, max-snippet:-1, max-image-preview:large, max-video-preview:-1\" \/>\n<link rel=\"canonical\" href=\"https:\/\/producersatwork.com\/en\/janina-uhse-eugen-balder-in-unsere-jungs\/\" \/>\n<meta property=\"og:locale\" content=\"en_US\" \/>\n<meta property=\"og:type\" content=\"article\" \/>\n<meta property=\"og:title\" content=\"Unsere Jungs - Producers at Work EN\" \/>\n<meta property=\"og:description\" content=\"13.7.2018 Am 10. Juli 2018 haben die Dreharbeiten\u00a0 zum Sat.1 Movie &#8220;Unsere Jungs&#8221; mit Janina Uhse und Eugen Balder in den Hauptrollen begonnen. Regie f\u00fchrt Florian G\u00e4rtner. Jonas (Eugen Bauder) hat sich im Leben noch nicht gefunden: Seine Modelkarriere in den USA ist gescheitert, einen neuen festen Job hat er nicht, von der Mutter seines &hellip; Continue reading &quot;Unsere Jungs&quot;\" \/>\n<meta property=\"og:url\" content=\"https:\/\/producersatwork.com\/en\/janina-uhse-eugen-balder-in-unsere-jungs\/\" \/>\n<meta property=\"og:site_name\" content=\"Producers at Work EN\" \/>\n<meta property=\"article:published_time\" content=\"2018-07-15T07:28:19+00:00\" \/>\n<meta property=\"article:modified_time\" content=\"2019-11-27T16:44:29+00:00\" \/>\n<meta name=\"author\" content=\"paw1\" \/>\n<meta name=\"twitter:card\" content=\"summary_large_image\" \/>\n<meta name=\"twitter:label1\" content=\"Written by\" \/>\n\t<meta name=\"twitter:data1\" content=\"paw1\" \/>\n\t<meta name=\"twitter:label2\" content=\"Est. reading time\" \/>\n\t<meta name=\"twitter:data2\" content=\"1 minute\" \/>\n<script type=\"application\/ld+json\" class=\"yoast-schema-graph\">{\"@context\":\"https:\/\/schema.org\",\"@graph\":[{\"@type\":\"Article\",\"@id\":\"https:\/\/producersatwork.com\/en\/janina-uhse-eugen-balder-in-unsere-jungs\/#article\",\"isPartOf\":{\"@id\":\"https:\/\/producersatwork.com\/en\/janina-uhse-eugen-balder-in-unsere-jungs\/\"},\"author\":{\"name\":\"paw1\",\"@id\":\"https:\/\/producersatwork.com\/en\/#\/schema\/person\/6e1370608b6c21edaf74f94b1bee0f9b\"},\"headline\":\"Unsere Jungs\",\"datePublished\":\"2018-07-15T07:28:19+00:00\",\"dateModified\":\"2019-11-27T16:44:29+00:00\",\"mainEntityOfPage\":{\"@id\":\"https:\/\/producersatwork.com\/en\/janina-uhse-eugen-balder-in-unsere-jungs\/\"},\"wordCount\":191,\"articleSection\":[\"News\"],\"inLanguage\":\"en-US\"},{\"@type\":\"WebPage\",\"@id\":\"https:\/\/producersatwork.com\/en\/janina-uhse-eugen-balder-in-unsere-jungs\/\",\"url\":\"https:\/\/producersatwork.com\/en\/janina-uhse-eugen-balder-in-unsere-jungs\/\",\"name\":\"Unsere Jungs - Producers at Work EN\",\"isPartOf\":{\"@id\":\"https:\/\/producersatwork.com\/en\/#website\"},\"datePublished\":\"2018-07-15T07:28:19+00:00\",\"dateModified\":\"2019-11-27T16:44:29+00:00\",\"author\":{\"@id\":\"https:\/\/producersatwork.com\/en\/#\/schema\/person\/6e1370608b6c21edaf74f94b1bee0f9b\"},\"breadcrumb\":{\"@id\":\"https:\/\/producersatwork.com\/en\/janina-uhse-eugen-balder-in-unsere-jungs\/#breadcrumb\"},\"inLanguage\":\"en-US\",\"potentialAction\":[{\"@type\":\"ReadAction\",\"target\":[\"https:\/\/producersatwork.com\/en\/janina-uhse-eugen-balder-in-unsere-jungs\/\"]}]},{\"@type\":\"BreadcrumbList\",\"@id\":\"https:\/\/producersatwork.com\/en\/janina-uhse-eugen-balder-in-unsere-jungs\/#breadcrumb\",\"itemListElement\":[{\"@type\":\"ListItem\",\"position\":1,\"name\":\"Startseite\",\"item\":\"https:\/\/producersatwork.com\/en\/\"},{\"@type\":\"ListItem\",\"position\":2,\"name\":\"Unsere Jungs\"}]},{\"@type\":\"WebSite\",\"@id\":\"https:\/\/producersatwork.com\/en\/#website\",\"url\":\"https:\/\/producersatwork.com\/en\/\",\"name\":\"Producers at Work EN\",\"description\":\"\",\"potentialAction\":[{\"@type\":\"SearchAction\",\"target\":{\"@type\":\"EntryPoint\",\"urlTemplate\":\"https:\/\/producersatwork.com\/en\/?s={search_term_string}\"},\"query-input\":{\"@type\":\"PropertyValueSpecification\",\"valueRequired\":true,\"valueName\":\"search_term_string\"}}],\"inLanguage\":\"en-US\"},{\"@type\":\"Person\",\"@id\":\"https:\/\/producersatwork.com\/en\/#\/schema\/person\/6e1370608b6c21edaf74f94b1bee0f9b\",\"name\":\"paw1\",\"image\":{\"@type\":\"ImageObject\",\"inLanguage\":\"en-US\",\"@id\":\"https:\/\/producersatwork.com\/en\/#\/schema\/person\/image\/\",\"url\":\"https:\/\/secure.gravatar.com\/avatar\/fd3c0aeac203d015d1d474b7c58b7959ca6b66dd81fb21b6c9b2bf208e771b26?s=96&d=mm&r=g\",\"contentUrl\":\"https:\/\/secure.gravatar.com\/avatar\/fd3c0aeac203d015d1d474b7c58b7959ca6b66dd81fb21b6c9b2bf208e771b26?s=96&d=mm&r=g\",\"caption\":\"paw1\"},\"url\":\"https:\/\/producersatwork.com\/en\/author\/paw1\/\"}]}<\/script>\n<!-- \/ Yoast SEO plugin. -->","yoast_head_json":{"title":"Unsere Jungs - Producers at Work EN","robots":{"index":"index","follow":"follow","max-snippet":"max-snippet:-1","max-image-preview":"max-image-preview:large","max-video-preview":"max-video-preview:-1"},"canonical":"https:\/\/producersatwork.com\/en\/janina-uhse-eugen-balder-in-unsere-jungs\/","og_locale":"en_US","og_type":"article","og_title":"Unsere Jungs - Producers at Work EN","og_description":"13.7.2018 Am 10. Juli 2018 haben die Dreharbeiten\u00a0 zum Sat.1 Movie &#8220;Unsere Jungs&#8221; mit Janina Uhse und Eugen Balder in den Hauptrollen begonnen. Regie f\u00fchrt Florian G\u00e4rtner. Jonas (Eugen Bauder) hat sich im Leben noch nicht gefunden: Seine Modelkarriere in den USA ist gescheitert, einen neuen festen Job hat er nicht, von der Mutter seines &hellip; Continue reading \"Unsere Jungs\"","og_url":"https:\/\/producersatwork.com\/en\/janina-uhse-eugen-balder-in-unsere-jungs\/","og_site_name":"Producers at Work EN","article_published_time":"2018-07-15T07:28:19+00:00","article_modified_time":"2019-11-27T16:44:29+00:00","author":"paw1","twitter_card":"summary_large_image","twitter_misc":{"Written by":"paw1","Est. reading time":"1 minute"},"schema":{"@context":"https:\/\/schema.org","@graph":[{"@type":"Article","@id":"https:\/\/producersatwork.com\/en\/janina-uhse-eugen-balder-in-unsere-jungs\/#article","isPartOf":{"@id":"https:\/\/producersatwork.com\/en\/janina-uhse-eugen-balder-in-unsere-jungs\/"},"author":{"name":"paw1","@id":"https:\/\/producersatwork.com\/en\/#\/schema\/person\/6e1370608b6c21edaf74f94b1bee0f9b"},"headline":"Unsere Jungs","datePublished":"2018-07-15T07:28:19+00:00","dateModified":"2019-11-27T16:44:29+00:00","mainEntityOfPage":{"@id":"https:\/\/producersatwork.com\/en\/janina-uhse-eugen-balder-in-unsere-jungs\/"},"wordCount":191,"articleSection":["News"],"inLanguage":"en-US"},{"@type":"WebPage","@id":"https:\/\/producersatwork.com\/en\/janina-uhse-eugen-balder-in-unsere-jungs\/","url":"https:\/\/producersatwork.com\/en\/janina-uhse-eugen-balder-in-unsere-jungs\/","name":"Unsere Jungs - Producers at Work EN","isPartOf":{"@id":"https:\/\/producersatwork.com\/en\/#website"},"datePublished":"2018-07-15T07:28:19+00:00","dateModified":"2019-11-27T16:44:29+00:00","author":{"@id":"https:\/\/producersatwork.com\/en\/#\/schema\/person\/6e1370608b6c21edaf74f94b1bee0f9b"},"breadcrumb":{"@id":"https:\/\/producersatwork.com\/en\/janina-uhse-eugen-balder-in-unsere-jungs\/#breadcrumb"},"inLanguage":"en-US","potentialAction":[{"@type":"ReadAction","target":["https:\/\/producersatwork.com\/en\/janina-uhse-eugen-balder-in-unsere-jungs\/"]}]},{"@type":"BreadcrumbList","@id":"https:\/\/producersatwork.com\/en\/janina-uhse-eugen-balder-in-unsere-jungs\/#breadcrumb","itemListElement":[{"@type":"ListItem","position":1,"name":"Startseite","item":"https:\/\/producersatwork.com\/en\/"},{"@type":"ListItem","position":2,"name":"Unsere Jungs"}]},{"@type":"WebSite","@id":"https:\/\/producersatwork.com\/en\/#website","url":"https:\/\/producersatwork.com\/en\/","name":"Producers at Work EN","description":"","potentialAction":[{"@type":"SearchAction","target":{"@type":"EntryPoint","urlTemplate":"https:\/\/producersatwork.com\/en\/?s={search_term_string}"},"query-input":{"@type":"PropertyValueSpecification","valueRequired":true,"valueName":"search_term_string"}}],"inLanguage":"en-US"},{"@type":"Person","@id":"https:\/\/producersatwork.com\/en\/#\/schema\/person\/6e1370608b6c21edaf74f94b1bee0f9b","name":"paw1","image":{"@type":"ImageObject","inLanguage":"en-US","@id":"https:\/\/producersatwork.com\/en\/#\/schema\/person\/image\/","url":"https:\/\/secure.gravatar.com\/avatar\/fd3c0aeac203d015d1d474b7c58b7959ca6b66dd81fb21b6c9b2bf208e771b26?s=96&d=mm&r=g","contentUrl":"https:\/\/secure.gravatar.com\/avatar\/fd3c0aeac203d015d1d474b7c58b7959ca6b66dd81fb21b6c9b2bf208e771b26?s=96&d=mm&r=g","caption":"paw1"},"url":"https:\/\/producersatwork.com\/en\/author\/paw1\/"}]}},"_links":{"self":[{"href":"https:\/\/producersatwork.com\/en\/wp-json\/wp\/v2\/posts\/702","targetHints":{"allow":["GET"]}}],"collection":[{"href":"https:\/\/producersatwork.com\/en\/wp-json\/wp\/v2\/posts"}],"about":[{"href":"https:\/\/producersatwork.com\/en\/wp-json\/wp\/v2\/types\/post"}],"author":[{"embeddable":true,"href":"https:\/\/producersatwork.com\/en\/wp-json\/wp\/v2\/users\/10"}],"replies":[{"embeddable":true,"href":"https:\/\/producersatwork.com\/en\/wp-json\/wp\/v2\/comments?post=702"}],"version-history":[{"count":3,"href":"https:\/\/producersatwork.com\/en\/wp-json\/wp\/v2\/posts\/702\/revisions"}],"predecessor-version":[{"id":705,"href":"https:\/\/producersatwork.com\/en\/wp-json\/wp\/v2\/posts\/702\/revisions\/705"}],"wp:attachment":[{"href":"https:\/\/producersatwork.com\/en\/wp-json\/wp\/v2\/media?parent=702"}],"wp:term":[{"taxonomy":"category","embeddable":true,"href":"https:\/\/producersatwork.com\/en\/wp-json\/wp\/v2\/categories?post=702"},{"taxonomy":"post_tag","embeddable":true,"href":"https:\/\/producersatwork.com\/en\/wp-json\/wp\/v2\/tags?post=702"}],"curies":[{"name":"wp","href":"https:\/\/api.w.org\/{rel}","templated":true}]}}